{"id":508,"date":"2025-07-14T11:08:24","date_gmt":"2025-07-14T09:08:24","guid":{"rendered":"http:\/\/yfygkss.cluster100.hosting.ovh.net\/?p=508"},"modified":"2025-07-15T15:40:40","modified_gmt":"2025-07-15T13:40:40","slug":"bartholdi-le-songe-de-la-liberte-de-lucien-maillard","status":"publish","type":"post","link":"https:\/\/www.compagnie-clarance.fr\/index.php\/2025\/07\/14\/bartholdi-le-songe-de-la-liberte-de-lucien-maillard\/","title":{"rendered":"Bartholdi \/ Le songe de la Libert\u00e9 de Lucien Maillard"},"content":{"rendered":"\t\t<div data-elementor-type=\"wp-post\" data-elementor-id=\"508\" class=\"elementor elementor-508\">\n\t\t\t\t<div class=\"elementor-element elementor-element-1220896 e-con-full e-flex wpr-particle-no wpr-jarallax-no wpr-parallax-no wpr-sticky-section-no e-con e-parent\" data-id=\"1220896\" data-element_type=\"container\" data-e-type=\"container\" data-settings=\"{&quot;background_background&quot;:&quot;classic&quot;}\">\n\t\t\t\t<\/div>\n\t\t<div class=\"elementor-element elementor-element-d996748 e-flex e-con-boxed wpr-particle-no wpr-jarallax-no wpr-parallax-no wpr-sticky-section-no e-con e-parent\" data-id=\"d996748\" data-element_type=\"container\" data-e-type=\"container\">\n\t\t\t\t\t<div class=\"e-con-inner\">\n\t\t\t\t<div class=\"elementor-element elementor-element-3a5de99 elementor-widget elementor-widget-heading\" data-id=\"3a5de99\" data-element_type=\"widget\" data-e-type=\"widget\" data-widget_type=\"heading.default\">\n\t\t\t\t<div class=\"elementor-widget-container\">\n\t\t\t\t\t<h1 class=\"elementor-heading-title elementor-size-default\">Bartholdi \/ Le songe de la Libert\u00e9<\/h1>\t\t\t\t<\/div>\n\t\t\t\t<\/div>\n\t\t\t\t\t<\/div>\n\t\t\t\t<\/div>\n\t\t<div class=\"elementor-element elementor-element-3f639e1 e-flex e-con-boxed wpr-particle-no wpr-jarallax-no wpr-parallax-no wpr-sticky-section-no e-con e-parent\" data-id=\"3f639e1\" data-element_type=\"container\" data-e-type=\"container\">\n\t\t\t\t\t<div class=\"e-con-inner\">\n\t\t<div class=\"elementor-element elementor-element-6f5b106 e-con-full e-flex wpr-particle-no wpr-jarallax-no wpr-parallax-no wpr-sticky-section-no e-con e-child\" data-id=\"6f5b106\" data-element_type=\"container\" data-e-type=\"container\">\n\t\t\t\t<div class=\"elementor-element elementor-element-0e18f20 elementor-widget elementor-widget-text-editor\" data-id=\"0e18f20\" data-element_type=\"widget\" data-e-type=\"widget\" data-widget_type=\"text-editor.default\">\n\t\t\t\t<div class=\"elementor-widget-container\">\n\t\t\t\t\t\t\t\t\t<p><span style=\"font-weight: 400;\"><strong>Cr\u00e9ation costume:<\/strong> A. Lebert <\/span><\/p><p><span style=\"font-weight: 400;\"><strong>Affiche :<\/strong> Yors Najar<\/span><\/p><p><span style=\"font-weight: 400;\"> <strong>Assistante m. e. s. :<\/strong> Prisca Lona<\/span><\/p><p><span style=\"font-weight: 400;\"><strong>M. e. s. :<\/strong> J. Grimaud <\/span><\/p><p><span style=\"font-weight: 400;\"><strong>R\u00e9gie g\u00e9n\u00e9rale :<\/strong> A. Pannier \u00a0et L. Demarescaut\u00a0<\/span><\/p><p><span style=\"font-weight: 400;\"><strong> Partenaires<\/strong> : La Ressourcerie des Batignolles &#8211; Actisce &#8211;\u00a0 Mairie de Paris &#8211; Mairie du 17 \u2013 ICF, La Sabli\u00e8re, Cr\u00e9dit Mutuel<\/span><\/p><p><span style=\"font-weight: 400;\"><strong>Remerciements<\/strong> \u00e0 M. Mathivaud, S. Tessier, Matthieu, St\u00e9phane. Th\u00e9\u00e2tre de la Jonqui\u00e8re 75017 &#8211; 2019<\/span><\/p>\t\t\t\t\t\t\t\t<\/div>\n\t\t\t\t<\/div>\n\t\t\t\t<\/div>\n\t\t<div class=\"elementor-element elementor-element-e155845 e-con-full e-flex wpr-particle-no wpr-jarallax-no wpr-parallax-no wpr-sticky-section-no e-con e-child\" data-id=\"e155845\" data-element_type=\"container\" data-e-type=\"container\">\n\t\t\t\t<div class=\"elementor-element elementor-element-bbd9c1d elementor-widget elementor-widget-hfe-breadcrumbs-widget\" data-id=\"bbd9c1d\" data-element_type=\"widget\" data-e-type=\"widget\" data-widget_type=\"hfe-breadcrumbs-widget.default\">\n\t\t\t\t<div class=\"elementor-widget-container\">\n\t\t\t\t\t<nav aria-label=\"Breadcrumb\"><ul class=\"hfe-breadcrumbs hfe-breadcrumbs-show-home\"><li class=\"hfe-breadcrumbs-item hfe-breadcrumbs-first\"><span class=\"hfe-breadcrumbs-home-icon\"><svg aria-hidden=\"true\" class=\"e-font-icon-svg e-fas-home\" viewBox=\"0 0 576 512\" xmlns=\"http:\/\/www.w3.org\/2000\/svg\"><path d=\"M280.37 148.26L96 300.11V464a16 16 0 0 0 16 16l112.06-.29a16 16 0 0 0 15.92-16V368a16 16 0 0 1 16-16h64a16 16 0 0 1 16 16v95.64a16 16 0 0 0 16 16.05L464 480a16 16 0 0 0 16-16V300L295.67 148.26a12.19 12.19 0 0 0-15.3 0zM571.6 251.47L488 182.56V44.05a12 12 0 0 0-12-12h-56a12 12 0 0 0-12 12v72.61L318.47 43a48 48 0 0 0-61 0L4.34 251.47a12 12 0 0 0-1.6 16.9l25.5 31A12 12 0 0 0 45.15 301l235.22-193.74a12.19 12.19 0 0 1 15.3 0L530.9 301a12 12 0 0 0 16.9-1.6l25.5-31a12 12 0 0 0-1.7-16.93z\"><\/path><\/svg><\/span><a href=\"https:\/\/www.compagnie-clarance.fr\"><span class=\"hfe-breadcrumbs-text\">Accueil<\/span><\/a><\/li><\/ul><\/nav>\t\t\t\t<\/div>\n\t\t\t\t<\/div>\n\t\t\t\t<div class=\"elementor-element elementor-element-ecff1f4 elementor-widget elementor-widget-image\" data-id=\"ecff1f4\" data-element_type=\"widget\" data-e-type=\"widget\" data-widget_type=\"image.default\">\n\t\t\t\t<div class=\"elementor-widget-container\">\n\t\t\t\t\t\t\t\t\t\t\t\t\t\t\t<img fetchpriority=\"high\" decoding=\"async\" width=\"724\" height=\"1024\" src=\"https:\/\/www.compagnie-clarance.fr\/wp-content\/uploads\/2025\/07\/2019-VISUEL-Affiche-Le-songe-de-la-liberte-724x1024.jpg\" class=\"attachment-large size-large wp-image-509\" alt=\"Compagnie-clarance-Le-songe-de-la-libe\u0301rte\u0301\" srcset=\"https:\/\/www.compagnie-clarance.fr\/wp-content\/uploads\/2025\/07\/2019-VISUEL-Affiche-Le-songe-de-la-liberte-724x1024.jpg 724w, https:\/\/www.compagnie-clarance.fr\/wp-content\/uploads\/2025\/07\/2019-VISUEL-Affiche-Le-songe-de-la-liberte-212x300.jpg 212w, https:\/\/www.compagnie-clarance.fr\/wp-content\/uploads\/2025\/07\/2019-VISUEL-Affiche-Le-songe-de-la-liberte-768x1086.jpg 768w, https:\/\/www.compagnie-clarance.fr\/wp-content\/uploads\/2025\/07\/2019-VISUEL-Affiche-Le-songe-de-la-liberte-1087x1536.jpg 1087w, https:\/\/www.compagnie-clarance.fr\/wp-content\/uploads\/2025\/07\/2019-VISUEL-Affiche-Le-songe-de-la-liberte-1449x2048.jpg 1449w, https:\/\/www.compagnie-clarance.fr\/wp-content\/uploads\/2025\/07\/2019-VISUEL-Affiche-Le-songe-de-la-liberte-200x283.jpg 200w, https:\/\/www.compagnie-clarance.fr\/wp-content\/uploads\/2025\/07\/2019-VISUEL-Affiche-Le-songe-de-la-liberte.jpg 1755w\" sizes=\"(max-width: 724px) 100vw, 724px\" \/>\t\t\t\t\t\t\t\t\t\t\t\t\t\t\t<\/div>\n\t\t\t\t<\/div>\n\t\t\t\t<div class=\"elementor-element elementor-element-b39a337 elementor-widget elementor-widget-heading\" data-id=\"b39a337\" data-element_type=\"widget\" data-e-type=\"widget\" data-widget_type=\"heading.default\">\n\t\t\t\t<div class=\"elementor-widget-container\">\n\t\t\t\t\t<h2 class=\"elementor-heading-title elementor-size-default\">Bartholdi \/ Le songe de la Libert\u00e9  de Lucien Maillard<\/h2>\t\t\t\t<\/div>\n\t\t\t\t<\/div>\n\t\t\t\t<div class=\"elementor-element elementor-element-65618a8 elementor-widget elementor-widget-text-editor\" data-id=\"65618a8\" data-element_type=\"widget\" data-e-type=\"widget\" data-widget_type=\"text-editor.default\">\n\t\t\t\t<div class=\"elementor-widget-container\">\n\t\t\t\t\t\t\t\t\t<p>R\u00c9SUM\u00c9<\/p><p>Fuerit toto in consulatu sine provincia, cui fuerit, antequam designatus est, decreta provincia. Sortietur an non? Nam et non sortiri absurdum est, et, quod sortitus sis, non habere. Proficiscetur paludatus? Quo? Quo pervenire ante certam<\/p>\t\t\t\t\t\t\t\t<\/div>\n\t\t\t\t<\/div>\n\t\t\t\t<div class=\"elementor-element elementor-element-68de80f elementor-widget-divider--view-line elementor-widget elementor-widget-divider\" data-id=\"68de80f\" data-element_type=\"widget\" data-e-type=\"widget\" data-widget_type=\"divider.default\">\n\t\t\t\t<div class=\"elementor-widget-container\">\n\t\t\t\t\t\t\t<div class=\"elementor-divider\">\n\t\t\t<span class=\"elementor-divider-separator\">\n\t\t\t\t\t\t<\/span>\n\t\t<\/div>\n\t\t\t\t\t\t<\/div>\n\t\t\t\t<\/div>\n\t\t\t\t<div class=\"elementor-element elementor-element-7d4a41c elementor-widget elementor-widget-text-editor\" data-id=\"7d4a41c\" data-element_type=\"widget\" data-e-type=\"widget\" data-widget_type=\"text-editor.default\">\n\t\t\t\t<div class=\"elementor-widget-container\">\n\t\t\t\t\t\t\t\t\t<p>Directions :<\/p>\t\t\t\t\t\t\t\t<\/div>\n\t\t\t\t<\/div>\n\t\t\t\t<div class=\"elementor-element elementor-element-b2c22bc premium-lq__glass1 elementor-invisible elementor-widget elementor-widget-premium-addon-button\" data-id=\"b2c22bc\" data-element_type=\"widget\" data-e-type=\"widget\" data-settings=\"{&quot;_animation&quot;:&quot;fadeIn&quot;,&quot;_animation_tablet&quot;:&quot;fadeIn&quot;}\" data-widget_type=\"premium-addon-button.default\">\n\t\t\t\t<div class=\"elementor-widget-container\">\n\t\t\t\t\t\n\n\t\t<a class=\"premium-button premium-button-style1 premium-btn-md premium-button-style1-bottom\" href=\"https:\/\/www.compagnie-clarance.fr\/index.php\/contact\/\">\n\t\t\t<div class=\"premium-button-text-icon-wrapper\">\n\t\t\t\t\n\t\t\t\t\t\t\t\t\t<span >\n\t\t\t\t\t\tContactez-nous\t\t\t\t\t<\/span>\n\t\t\t\t\t\t\t<\/div>\n\n\t\t\t\n\t\t\t\n\t\t\t\n\t\t<\/a>\n\n\n\t\t\t\t\t\t<\/div>\n\t\t\t\t<\/div>\n\t\t\t\t<\/div>\n\t\t\t\t\t<\/div>\n\t\t\t\t<\/div>\n\t\t<div class=\"elementor-element elementor-element-598bff97 e-flex e-con-boxed wpr-particle-no wpr-jarallax-no wpr-parallax-no wpr-sticky-section-no e-con e-parent\" data-id=\"598bff97\" data-element_type=\"container\" data-e-type=\"container\">\n\t\t\t\t\t<div class=\"e-con-inner\">\n\t\t\t\t<div class=\"elementor-element elementor-element-c0ecc19 elementor-widget elementor-widget-heading\" data-id=\"c0ecc19\" data-element_type=\"widget\" data-e-type=\"widget\" data-widget_type=\"heading.default\">\n\t\t\t\t<div class=\"elementor-widget-container\">\n\t\t\t\t\t<h2 class=\"elementor-heading-title elementor-size-default\"><i>Nos<\/i> archives<\/h2>\t\t\t\t<\/div>\n\t\t\t\t<\/div>\n\t\t\t\t<div class=\"elementor-element elementor-element-713d4ed4 wpr-grid-columns-3 wpr-grid-columns--tablet2 wpr-grid-columns--mobile1 wpr-grid-pagination-center wpr-item-styles-inner elementor-widget elementor-widget-wpr-grid\" data-id=\"713d4ed4\" data-element_type=\"widget\" data-e-type=\"widget\" data-widget_type=\"wpr-grid.default\">\n\t\t\t\t<div class=\"elementor-widget-container\">\n\t\t\t\t\t<ul class=\"wpr-grid-filters elementor-clearfix wpr-grid-filters-sep-right\"><li class=\" wpr-pointer-none wpr-pointer-line-fx wpr-pointer-fx-none\"><span  data-filter=\"*\" class=\"wpr-grid-filters-item wpr-active-filter \">All Posts<\/span><em class=\"wpr-grid-filters-sep\"><\/em><\/li><li class=\" wpr-pointer-none wpr-pointer-line-fx wpr-pointer-fx-none\"><span   data-ajax-filter=[\"category\",\"atelier-dhistoire-locale\"]  data-filter=\".category-atelier-dhistoire-locale\">Atelier d&#039;histoire locale<\/span><em class=\"wpr-grid-filters-sep\"><\/em><\/li><li class=\" wpr-pointer-none wpr-pointer-line-fx wpr-pointer-fx-none\"><span   data-ajax-filter=[\"category\",\"non-classe\"]  data-filter=\".category-non-classe\">Non class\u00e9<\/span><em class=\"wpr-grid-filters-sep\"><\/em><\/li><li class=\" wpr-pointer-none wpr-pointer-line-fx wpr-pointer-fx-none\"><span   data-ajax-filter=[\"category\",\"nos-balades\"]  data-filter=\".category-nos-balades\">Nos balades<\/span><em class=\"wpr-grid-filters-sep\"><\/em><\/li><li class=\" wpr-pointer-none wpr-pointer-line-fx wpr-pointer-fx-none\"><span   data-ajax-filter=[\"category\",\"nos-lectures\"]  data-filter=\".category-nos-lectures\">Nos lectures<\/span><em class=\"wpr-grid-filters-sep\"><\/em><\/li><li class=\" wpr-pointer-none wpr-pointer-line-fx wpr-pointer-fx-none\"><span   data-ajax-filter=[\"category\",\"nos-tableaux\"]  data-filter=\".category-nos-tableaux\">Nos tableaux<\/span><em class=\"wpr-grid-filters-sep\"><\/em><\/li><\/ul><section class=\"wpr-grid elementor-clearfix\" data-settings=\"{&quot;layout&quot;:&quot;fitRows&quot;,&quot;stick_last_element_to_bottom&quot;:&quot;&quot;,&quot;columns_desktop&quot;:3,&quot;gutter_hr&quot;:15,&quot;gutter_hr_mobile&quot;:15,&quot;gutter_hr_mobile_extra&quot;:15,&quot;gutter_hr_tablet&quot;:15,&quot;gutter_hr_tablet_extra&quot;:15,&quot;gutter_hr_laptop&quot;:15,&quot;gutter_hr_widescreen&quot;:15,&quot;gutter_vr&quot;:15,&quot;gutter_vr_mobile&quot;:15,&quot;gutter_vr_mobile_extra&quot;:15,&quot;gutter_vr_tablet&quot;:15,&quot;gutter_vr_tablet_extra&quot;:15,&quot;gutter_vr_laptop&quot;:15,&quot;gutter_vr_widescreen&quot;:15,&quot;animation&quot;:&quot;default&quot;,&quot;animation_duration&quot;:0.3,&quot;animation_delay&quot;:0.1,&quot;deeplinking&quot;:&quot;&quot;,&quot;filters_linkable&quot;:&quot;no&quot;,&quot;filters_default_filter&quot;:&quot;&quot;,&quot;filters_count&quot;:&quot;&quot;,&quot;filters_hide_empty&quot;:&quot;no&quot;,&quot;filters_animation&quot;:&quot;default&quot;,&quot;filters_animation_duration&quot;:0.3,&quot;filters_animation_delay&quot;:0.1,&quot;pagination_type&quot;:&quot;load-more&quot;,&quot;pagination_max_pages&quot;:4,&quot;lightbox&quot;:{&quot;selector&quot;:&quot;.wpr-grid-image-wrap&quot;,&quot;iframeMaxWidth&quot;:&quot;60%&quot;,&quot;hash&quot;:false,&quot;autoplay&quot;:&quot;true&quot;,&quot;pause&quot;:5000,&quot;progressBar&quot;:&quot;true&quot;,&quot;counter&quot;:&quot;true&quot;,&quot;controls&quot;:&quot;true&quot;,&quot;getCaptionFromTitleOrAlt&quot;:&quot;true&quot;,&quot;thumbnail&quot;:&quot;&quot;,&quot;showThumbByDefault&quot;:&quot;&quot;,&quot;share&quot;:&quot;&quot;,&quot;zoom&quot;:&quot;true&quot;,&quot;fullScreen&quot;:&quot;true&quot;,&quot;download&quot;:&quot;true&quot;}}\" data-advanced-filters=\"no\"><article class=\"wpr-grid-item elementor-clearfix post-1515 post type-post status-publish format-standard has-post-thumbnail hentry category-atelier-dhistoire-locale tag-spectacle-historique tag-spectacle-itinerant\"><div class=\"wpr-grid-item-inner\"><div class=\"wpr-grid-media-wrap wpr-effect-size-medium \" data-overlay-link=\"yes\"><div class=\"wpr-grid-image-wrap\" data-src=\"https:\/\/www.compagnie-clarance.fr\/wp-content\/uploads\/2025\/07\/2009-VISUEL-Le-Voyage-sans-retour-de-Victor-Jacquemont.png\" data-img-on-hover=\"\"  data-src-secondary=\"\"><img decoding=\"async\" data-no-lazy=\"1\" src=\"https:\/\/www.compagnie-clarance.fr\/wp-content\/uploads\/2025\/07\/2009-VISUEL-Le-Voyage-sans-retour-de-Victor-Jacquemont.png\" alt=\"Les Epinettes ou la gloire de nos p\u00e8res, Ernest Gouin &amp; Cie, histoire d\u2019un quartier\" class=\"wpr-anim-timing-ease-default\"><\/div><div class=\"wpr-grid-media-hover wpr-animation-wrap\"><div class=\"wpr-grid-media-hover-bg  wpr-overlay-fade-in wpr-anim-size-large wpr-anim-timing-ease-default wpr-anim-transparency\" data-url=\"https:\/\/www.compagnie-clarance.fr\/index.php\/2025\/07\/23\/le-voyage-sans-retour-de-victor-jacquemont-dupliquer-582\/\"><\/div><\/div><\/div><div class=\"wpr-grid-item-below-content elementor-clearfix\"><h2 class=\"wpr-grid-item-title elementor-repeater-item-52aa40b wpr-grid-item-display-block wpr-grid-item-align-left wpr-pointer-none wpr-pointer-line-fx wpr-pointer-fx-fade\"><div class=\"inner-block\"><a target=\"_self\"  href=\"https:\/\/www.compagnie-clarance.fr\/index.php\/2025\/07\/23\/le-voyage-sans-retour-de-victor-jacquemont-dupliquer-582\/\">Les Epinettes ou la gloire de nos p\u00e8res, Ernest Gouin &amp; Cie, histoire d\u2019un quartier<\/a><\/div><\/h2><div class=\"wpr-grid-item-excerpt elementor-repeater-item-760f861 wpr-grid-item-display-block wpr-grid-item-align-left\"><div class=\"inner-block\"><p>Les Epinettes ou la gloire de nos p\u00e8res, Ernest Gouin &amp; Cie, histoire d\u2019un quartier Accueil Les Epinettes ou la...<\/p><\/div><\/div><div class=\"wpr-grid-item-read-more elementor-repeater-item-685c18a wpr-grid-item-display-block wpr-grid-item-align-left\"><div class=\"inner-block\"><a target=\"_self\" href=\"https:\/\/www.compagnie-clarance.fr\/index.php\/2025\/07\/23\/le-voyage-sans-retour-de-victor-jacquemont-dupliquer-582\/\" class=\"wpr-button-effect wpr-button-none\"><span>En savoir plus<\/span><\/a><\/div><\/div><\/div><\/div><\/article><article class=\"wpr-grid-item elementor-clearfix post-1047 post type-post status-publish format-standard has-post-thumbnail hentry category-nos-balades tag-balade-theatrale tag-balade-theatralisee tag-patrimoine-dun-quartier\"><div class=\"wpr-grid-item-inner\"><div class=\"wpr-grid-media-wrap wpr-effect-size-medium \" data-overlay-link=\"yes\"><div class=\"wpr-grid-image-wrap\" data-src=\"https:\/\/www.compagnie-clarance.fr\/wp-content\/uploads\/2025\/07\/Balade-thetrale-Visite-des-Batignolles.51.png\" data-img-on-hover=\"\"  data-src-secondary=\"\"><img decoding=\"async\" data-no-lazy=\"1\" src=\"https:\/\/www.compagnie-clarance.fr\/wp-content\/uploads\/2025\/07\/Balade-thetrale-Visite-des-Batignolles.51.png\" alt=\"Visite du quartier des Batignolles, Paris 17\u00e8me\" class=\"wpr-anim-timing-ease-default\"><\/div><div class=\"wpr-grid-media-hover wpr-animation-wrap\"><div class=\"wpr-grid-media-hover-bg  wpr-overlay-fade-in wpr-anim-size-large wpr-anim-timing-ease-default wpr-anim-transparency\" data-url=\"https:\/\/www.compagnie-clarance.fr\/index.php\/2025\/07\/15\/visite-du-quartier-des-batignolles-paris-17eme\/\"><\/div><\/div><\/div><div class=\"wpr-grid-item-below-content elementor-clearfix\"><h2 class=\"wpr-grid-item-title elementor-repeater-item-52aa40b wpr-grid-item-display-block wpr-grid-item-align-left wpr-pointer-none wpr-pointer-line-fx wpr-pointer-fx-fade\"><div class=\"inner-block\"><a target=\"_self\"  href=\"https:\/\/www.compagnie-clarance.fr\/index.php\/2025\/07\/15\/visite-du-quartier-des-batignolles-paris-17eme\/\">Visite du quartier des Batignolles, Paris 17\u00e8me<\/a><\/div><\/h2><div class=\"wpr-grid-item-excerpt elementor-repeater-item-760f861 wpr-grid-item-display-block wpr-grid-item-align-left\"><div class=\"inner-block\"><p>Visite du quartier des Batignolles, Paris 17\u00e8me \u00c9crit et mise en sc\u00e8ne : Jean Grimaud Spectacle-d\u00e9couverte itin\u00e9rant cr\u00e9\u00e9 lors des...<\/p><\/div><\/div><div class=\"wpr-grid-item-read-more elementor-repeater-item-685c18a wpr-grid-item-display-block wpr-grid-item-align-left\"><div class=\"inner-block\"><a target=\"_self\" href=\"https:\/\/www.compagnie-clarance.fr\/index.php\/2025\/07\/15\/visite-du-quartier-des-batignolles-paris-17eme\/\" class=\"wpr-button-effect wpr-button-none\"><span>En savoir plus<\/span><\/a><\/div><\/div><\/div><\/div><\/article><article class=\"wpr-grid-item elementor-clearfix post-1040 post type-post status-publish format-standard has-post-thumbnail hentry category-nos-balades tag-balade-theatrale tag-balade-theatralisee tag-forum-des-associations-de-la-ville-de-paris tag-patrimoine-de-paris\"><div class=\"wpr-grid-item-inner\"><div class=\"wpr-grid-media-wrap wpr-effect-size-medium \" data-overlay-link=\"yes\"><div class=\"wpr-grid-image-wrap\" data-src=\"https:\/\/www.compagnie-clarance.fr\/wp-content\/uploads\/2025\/07\/Balade-theatrale-Printemps-de-la-Mairie-de-Paris.48.png\" data-img-on-hover=\"\"  data-src-secondary=\"\"><img decoding=\"async\" data-no-lazy=\"1\" src=\"https:\/\/www.compagnie-clarance.fr\/wp-content\/uploads\/2025\/07\/Balade-theatrale-Printemps-de-la-Mairie-de-Paris.48.png\" alt=\"Le Printemps de la D\u00e9mocratie\" class=\"wpr-anim-timing-ease-default\"><\/div><div class=\"wpr-grid-media-hover wpr-animation-wrap\"><div class=\"wpr-grid-media-hover-bg  wpr-overlay-fade-in wpr-anim-size-large wpr-anim-timing-ease-default wpr-anim-transparency\" data-url=\"https:\/\/www.compagnie-clarance.fr\/index.php\/2025\/07\/15\/le-printemps-de-la-democratie\/\"><\/div><\/div><\/div><div class=\"wpr-grid-item-below-content elementor-clearfix\"><h2 class=\"wpr-grid-item-title elementor-repeater-item-52aa40b wpr-grid-item-display-block wpr-grid-item-align-left wpr-pointer-none wpr-pointer-line-fx wpr-pointer-fx-fade\"><div class=\"inner-block\"><a target=\"_self\"  href=\"https:\/\/www.compagnie-clarance.fr\/index.php\/2025\/07\/15\/le-printemps-de-la-democratie\/\">Le Printemps de la D\u00e9mocratie<\/a><\/div><\/h2><div class=\"wpr-grid-item-excerpt elementor-repeater-item-760f861 wpr-grid-item-display-block wpr-grid-item-align-left\"><div class=\"inner-block\"><p>Le Printemps de la D\u00e9mocratie \u00c9crit et mise en sc\u00e8ne : Jean Grimaud et Sophie Gubri \u00a0 Accueil Le Printemps...<\/p><\/div><\/div><div class=\"wpr-grid-item-read-more elementor-repeater-item-685c18a wpr-grid-item-display-block wpr-grid-item-align-left\"><div class=\"inner-block\"><a target=\"_self\" href=\"https:\/\/www.compagnie-clarance.fr\/index.php\/2025\/07\/15\/le-printemps-de-la-democratie\/\" class=\"wpr-button-effect wpr-button-none\"><span>En savoir plus<\/span><\/a><\/div><\/div><\/div><\/div><\/article><article class=\"wpr-grid-item elementor-clearfix post-1032 post type-post status-publish format-standard has-post-thumbnail hentry category-nos-balades\"><div class=\"wpr-grid-item-inner\"><div class=\"wpr-grid-media-wrap wpr-effect-size-medium \" data-overlay-link=\"yes\"><div class=\"wpr-grid-image-wrap\" data-src=\"https:\/\/www.compagnie-clarance.fr\/wp-content\/uploads\/2025\/07\/Balade-thetrale-Les-125-ans-de-la-Ste-Hutchinson.png\" data-img-on-hover=\"\"  data-src-secondary=\"\"><img decoding=\"async\" data-no-lazy=\"1\" src=\"https:\/\/www.compagnie-clarance.fr\/wp-content\/uploads\/2025\/07\/Balade-thetrale-Les-125-ans-de-la-Ste-Hutchinson.png\" alt=\"Les 125 ans de la Soci\u00e9t\u00e9 Hutchinson\" class=\"wpr-anim-timing-ease-default\"><\/div><div class=\"wpr-grid-media-hover wpr-animation-wrap\"><div class=\"wpr-grid-media-hover-bg  wpr-overlay-fade-in wpr-anim-size-large wpr-anim-timing-ease-default wpr-anim-transparency\" data-url=\"https:\/\/www.compagnie-clarance.fr\/index.php\/2025\/07\/15\/les-125-ans-de-la-societe-hutchinson\/\"><\/div><\/div><\/div><div class=\"wpr-grid-item-below-content elementor-clearfix\"><h2 class=\"wpr-grid-item-title elementor-repeater-item-52aa40b wpr-grid-item-display-block wpr-grid-item-align-left wpr-pointer-none wpr-pointer-line-fx wpr-pointer-fx-fade\"><div class=\"inner-block\"><a target=\"_self\"  href=\"https:\/\/www.compagnie-clarance.fr\/index.php\/2025\/07\/15\/les-125-ans-de-la-societe-hutchinson\/\">Les 125 ans de la Soci\u00e9t\u00e9 Hutchinson<\/a><\/div><\/h2><div class=\"wpr-grid-item-excerpt elementor-repeater-item-760f861 wpr-grid-item-display-block wpr-grid-item-align-left\"><div class=\"inner-block\"><p>Les 125 ans de la Soci\u00e9t\u00e9 Hutchinson \u00c9crit et mise en sc\u00e8ne : Jean Grimaud Cr\u00e9ation au Mus\u00e9e d&rsquo;Orsay en...<\/p><\/div><\/div><div class=\"wpr-grid-item-read-more elementor-repeater-item-685c18a wpr-grid-item-display-block wpr-grid-item-align-left\"><div class=\"inner-block\"><a target=\"_self\" href=\"https:\/\/www.compagnie-clarance.fr\/index.php\/2025\/07\/15\/les-125-ans-de-la-societe-hutchinson\/\" class=\"wpr-button-effect wpr-button-none\"><span>En savoir plus<\/span><\/a><\/div><\/div><\/div><\/div><\/article><article class=\"wpr-grid-item elementor-clearfix post-1020 post type-post status-publish format-standard has-post-thumbnail hentry category-nos-balades\"><div class=\"wpr-grid-item-inner\"><div class=\"wpr-grid-media-wrap wpr-effect-size-medium \" data-overlay-link=\"yes\"><div class=\"wpr-grid-image-wrap\" data-src=\"https:\/\/www.compagnie-clarance.fr\/wp-content\/uploads\/2025\/07\/Balade-theatrale-Thales.png\" data-img-on-hover=\"\"  data-src-secondary=\"\"><img decoding=\"async\" data-no-lazy=\"1\" src=\"https:\/\/www.compagnie-clarance.fr\/wp-content\/uploads\/2025\/07\/Balade-theatrale-Thales.png\" alt=\"Thales, convention annuelle\" class=\"wpr-anim-timing-ease-default\"><\/div><div class=\"wpr-grid-media-hover wpr-animation-wrap\"><div class=\"wpr-grid-media-hover-bg  wpr-overlay-fade-in wpr-anim-size-large wpr-anim-timing-ease-default wpr-anim-transparency\" data-url=\"https:\/\/www.compagnie-clarance.fr\/index.php\/2025\/07\/15\/thales-convention-annuelle\/\"><\/div><\/div><\/div><div class=\"wpr-grid-item-below-content elementor-clearfix\"><h2 class=\"wpr-grid-item-title elementor-repeater-item-52aa40b wpr-grid-item-display-block wpr-grid-item-align-left wpr-pointer-none wpr-pointer-line-fx wpr-pointer-fx-fade\"><div class=\"inner-block\"><a target=\"_self\"  href=\"https:\/\/www.compagnie-clarance.fr\/index.php\/2025\/07\/15\/thales-convention-annuelle\/\">Thales, convention annuelle<\/a><\/div><\/h2><div class=\"wpr-grid-item-excerpt elementor-repeater-item-760f861 wpr-grid-item-display-block wpr-grid-item-align-left\"><div class=\"inner-block\"><p>Thales, convention annuelle \u00c9crit et mise en sc\u00e8ne : Jean Grimaud Cr\u00e9ation au Mus\u00e9e d&rsquo;Orsay en collaboration avec l&rsquo;agence Alice...<\/p><\/div><\/div><div class=\"wpr-grid-item-read-more elementor-repeater-item-685c18a wpr-grid-item-display-block wpr-grid-item-align-left\"><div class=\"inner-block\"><a target=\"_self\" href=\"https:\/\/www.compagnie-clarance.fr\/index.php\/2025\/07\/15\/thales-convention-annuelle\/\" class=\"wpr-button-effect wpr-button-none\"><span>En savoir plus<\/span><\/a><\/div><\/div><\/div><\/div><\/article><article class=\"wpr-grid-item elementor-clearfix post-1012 post type-post status-publish format-standard has-post-thumbnail hentry category-nos-balades tag-balade-theatrale tag-balade-theatralisee tag-patrimoine-dun-quartier\"><div class=\"wpr-grid-item-inner\"><div class=\"wpr-grid-media-wrap wpr-effect-size-medium \" data-overlay-link=\"yes\"><div class=\"wpr-grid-image-wrap\" data-src=\"https:\/\/www.compagnie-clarance.fr\/wp-content\/uploads\/2025\/07\/Capture-decran-2025-07-15-a-16.15.14.png\" data-img-on-hover=\"\"  data-src-secondary=\"\"><img decoding=\"async\" data-no-lazy=\"1\" src=\"https:\/\/www.compagnie-clarance.fr\/wp-content\/uploads\/2025\/07\/Capture-decran-2025-07-15-a-16.15.14.png\" alt=\"Fran\u00e7oise Sagan ou la libert\u00e9 effront\u00e9e\" class=\"wpr-anim-timing-ease-default\"><\/div><div class=\"wpr-grid-media-hover wpr-animation-wrap\"><div class=\"wpr-grid-media-hover-bg  wpr-overlay-fade-in wpr-anim-size-large wpr-anim-timing-ease-default wpr-anim-transparency\" data-url=\"https:\/\/www.compagnie-clarance.fr\/index.php\/2025\/07\/15\/francoise-sagan-ou-la-liberte-effrontee\/\"><\/div><\/div><\/div><div class=\"wpr-grid-item-below-content elementor-clearfix\"><h2 class=\"wpr-grid-item-title elementor-repeater-item-52aa40b wpr-grid-item-display-block wpr-grid-item-align-left wpr-pointer-none wpr-pointer-line-fx wpr-pointer-fx-fade\"><div class=\"inner-block\"><a target=\"_self\"  href=\"https:\/\/www.compagnie-clarance.fr\/index.php\/2025\/07\/15\/francoise-sagan-ou-la-liberte-effrontee\/\">Fran\u00e7oise Sagan ou la libert\u00e9 effront\u00e9e<\/a><\/div><\/h2><div class=\"wpr-grid-item-excerpt elementor-repeater-item-760f861 wpr-grid-item-display-block wpr-grid-item-align-left\"><div class=\"inner-block\"><p>Fran\u00e7oise Sagan ou la libert\u00e9 effront\u00e9e \u00c9crit : Lucien Maillard Mise en sc\u00e8ne :\u00a0 Jean Grimaud Accueil Fran\u00e7oise Sagan ou...<\/p><\/div><\/div><div class=\"wpr-grid-item-read-more elementor-repeater-item-685c18a wpr-grid-item-display-block wpr-grid-item-align-left\"><div class=\"inner-block\"><a target=\"_self\" href=\"https:\/\/www.compagnie-clarance.fr\/index.php\/2025\/07\/15\/francoise-sagan-ou-la-liberte-effrontee\/\" class=\"wpr-button-effect wpr-button-none\"><span>En savoir plus<\/span><\/a><\/div><\/div><\/div><\/div><\/article><article class=\"wpr-grid-item elementor-clearfix post-993 post type-post status-publish format-standard has-post-thumbnail hentry category-nos-balades\"><div class=\"wpr-grid-item-inner\"><div class=\"wpr-grid-media-wrap wpr-effect-size-medium \" data-overlay-link=\"yes\"><div class=\"wpr-grid-image-wrap\" data-src=\"https:\/\/www.compagnie-clarance.fr\/wp-content\/uploads\/2025\/07\/Balade-theatrale-aff-de-Max-Jacob.jpg\" data-img-on-hover=\"\"  data-src-secondary=\"\"><img decoding=\"async\" data-no-lazy=\"1\" src=\"https:\/\/www.compagnie-clarance.fr\/wp-content\/uploads\/2025\/07\/Balade-theatrale-aff-de-Max-Jacob.jpg\" alt=\"Max Jacob nous fait la courte-\u00e9chelle\" class=\"wpr-anim-timing-ease-default\"><\/div><div class=\"wpr-grid-media-hover wpr-animation-wrap\"><div class=\"wpr-grid-media-hover-bg  wpr-overlay-fade-in wpr-anim-size-large wpr-anim-timing-ease-default wpr-anim-transparency\" data-url=\"https:\/\/www.compagnie-clarance.fr\/index.php\/2025\/07\/15\/zola-dreyfus-la-verite-en-marche\/\"><\/div><\/div><\/div><div class=\"wpr-grid-item-below-content elementor-clearfix\"><h2 class=\"wpr-grid-item-title elementor-repeater-item-52aa40b wpr-grid-item-display-block wpr-grid-item-align-left wpr-pointer-none wpr-pointer-line-fx wpr-pointer-fx-fade\"><div class=\"inner-block\"><a target=\"_self\"  href=\"https:\/\/www.compagnie-clarance.fr\/index.php\/2025\/07\/15\/zola-dreyfus-la-verite-en-marche\/\">Max Jacob nous fait la courte-\u00e9chelle<\/a><\/div><\/h2><div class=\"wpr-grid-item-excerpt elementor-repeater-item-760f861 wpr-grid-item-display-block wpr-grid-item-align-left\"><div class=\"inner-block\"><p>Max Jacob nous fait la courte-\u00e9chelle Balade \u00e9crite par Lucien Maillard\u00a0 avec Anne Defilhes, Bernard Renault, Pauline Joquel et Gr\u00e9goire\u2010Gabriel...<\/p><\/div><\/div><div class=\"wpr-grid-item-read-more elementor-repeater-item-685c18a wpr-grid-item-display-block wpr-grid-item-align-left\"><div class=\"inner-block\"><a target=\"_self\" href=\"https:\/\/www.compagnie-clarance.fr\/index.php\/2025\/07\/15\/zola-dreyfus-la-verite-en-marche\/\" class=\"wpr-button-effect wpr-button-none\"><span>En savoir plus<\/span><\/a><\/div><\/div><\/div><\/div><\/article><article class=\"wpr-grid-item elementor-clearfix post-971 post type-post status-publish format-standard has-post-thumbnail hentry category-nos-balades tag-balade-theatrale tag-balade-theatralisee tag-patrimoine-dun-quartier\"><div class=\"wpr-grid-item-inner\"><div class=\"wpr-grid-media-wrap wpr-effect-size-medium \" data-overlay-link=\"yes\"><div class=\"wpr-grid-image-wrap\" data-src=\"https:\/\/www.compagnie-clarance.fr\/wp-content\/uploads\/2025\/07\/Balade-theatrale-RDV-au-jardin-Parc-de-la-Verrerie-scaled.jpg\" data-img-on-hover=\"\"  data-src-secondary=\"\"><img decoding=\"async\" data-no-lazy=\"1\" src=\"https:\/\/www.compagnie-clarance.fr\/wp-content\/uploads\/2025\/07\/Balade-theatrale-RDV-au-jardin-Parc-de-la-Verrerie-scaled.jpg\" alt=\"Rendez-vous au jardin : les Schneider ressuscit\u00e9s !\" class=\"wpr-anim-timing-ease-default\"><\/div><div class=\"wpr-grid-media-hover wpr-animation-wrap\"><div class=\"wpr-grid-media-hover-bg  wpr-overlay-fade-in wpr-anim-size-large wpr-anim-timing-ease-default wpr-anim-transparency\" data-url=\"https:\/\/www.compagnie-clarance.fr\/index.php\/2025\/07\/15\/galeries-du-palais-royal-dupliquer-958\/\"><\/div><\/div><\/div><div class=\"wpr-grid-item-below-content elementor-clearfix\"><h2 class=\"wpr-grid-item-title elementor-repeater-item-52aa40b wpr-grid-item-display-block wpr-grid-item-align-left wpr-pointer-none wpr-pointer-line-fx wpr-pointer-fx-fade\"><div class=\"inner-block\"><a target=\"_self\"  href=\"https:\/\/www.compagnie-clarance.fr\/index.php\/2025\/07\/15\/galeries-du-palais-royal-dupliquer-958\/\">Rendez-vous au jardin : les Schneider ressuscit\u00e9s !<\/a><\/div><\/h2><div class=\"wpr-grid-item-excerpt elementor-repeater-item-760f861 wpr-grid-item-display-block wpr-grid-item-align-left\"><div class=\"inner-block\"><p>Rendez-vous au jardin : les Schneider ressuscit\u00e9s ! \u00c9crit et mis en sc\u00e8ne par Jean Grimaud Avec Perrine Dauger et...<\/p><\/div><\/div><div class=\"wpr-grid-item-read-more elementor-repeater-item-685c18a wpr-grid-item-display-block wpr-grid-item-align-left\"><div class=\"inner-block\"><a target=\"_self\" href=\"https:\/\/www.compagnie-clarance.fr\/index.php\/2025\/07\/15\/galeries-du-palais-royal-dupliquer-958\/\" class=\"wpr-button-effect wpr-button-none\"><span>En savoir plus<\/span><\/a><\/div><\/div><\/div><\/div><\/article><article class=\"wpr-grid-item elementor-clearfix post-958 post type-post status-publish format-standard has-post-thumbnail hentry category-nos-balades tag-balade-theatrale tag-balade-theatralisee tag-patrimoine-dun-quartier tag-visite-historique-avec-une-comedienne\"><div class=\"wpr-grid-item-inner\"><div class=\"wpr-grid-media-wrap wpr-effect-size-medium \" data-overlay-link=\"yes\"><div class=\"wpr-grid-image-wrap\" data-src=\"https:\/\/www.compagnie-clarance.fr\/wp-content\/uploads\/2025\/07\/Balade-theatrale-Affiche-Palais-Royal.jpg\" data-img-on-hover=\"\"  data-src-secondary=\"\"><img decoding=\"async\" data-no-lazy=\"1\" src=\"https:\/\/www.compagnie-clarance.fr\/wp-content\/uploads\/2025\/07\/Balade-theatrale-Affiche-Palais-Royal.jpg\" alt=\"Galeries du Palais-Royal\" class=\"wpr-anim-timing-ease-default\"><\/div><div class=\"wpr-grid-media-hover wpr-animation-wrap\"><div class=\"wpr-grid-media-hover-bg  wpr-overlay-fade-in wpr-anim-size-large wpr-anim-timing-ease-default wpr-anim-transparency\" data-url=\"https:\/\/www.compagnie-clarance.fr\/index.php\/2025\/07\/15\/galeries-du-palais-royal\/\"><\/div><\/div><\/div><div class=\"wpr-grid-item-below-content elementor-clearfix\"><h2 class=\"wpr-grid-item-title elementor-repeater-item-52aa40b wpr-grid-item-display-block wpr-grid-item-align-left wpr-pointer-none wpr-pointer-line-fx wpr-pointer-fx-fade\"><div class=\"inner-block\"><a target=\"_self\"  href=\"https:\/\/www.compagnie-clarance.fr\/index.php\/2025\/07\/15\/galeries-du-palais-royal\/\">Galeries du Palais-Royal<\/a><\/div><\/h2><div class=\"wpr-grid-item-excerpt elementor-repeater-item-760f861 wpr-grid-item-display-block wpr-grid-item-align-left\"><div class=\"inner-block\"><p>Galeries du Palais-Royal Texte : Rodolphe Trouilleux Mis en sc\u00e8ne : Sophie Gubri Avec : Catherine Leguidecoq Accueil Galeries du...<\/p><\/div><\/div><div class=\"wpr-grid-item-read-more elementor-repeater-item-685c18a wpr-grid-item-display-block wpr-grid-item-align-left\"><div class=\"inner-block\"><a target=\"_self\" href=\"https:\/\/www.compagnie-clarance.fr\/index.php\/2025\/07\/15\/galeries-du-palais-royal\/\" class=\"wpr-button-effect wpr-button-none\"><span>En savoir plus<\/span><\/a><\/div><\/div><\/div><\/div><\/article><\/section><div class=\"wpr-grid-pagination elementor-clearfix wpr-grid-pagination-load-more\" data-pages=\"4\"><a href=\"https:\/\/www.compagnie-clarance.fr\/index.php\/wp-json\/wp\/v2\/posts\/508\/page\/2\/\" class=\"wpr-load-more-btn\" data-e-disable-page-transition >Load More<\/a><div class=\"wpr-pagination-loading\"><div class=\"wpr-double-bounce\"><div class=\"wpr-child wpr-double-bounce1\"><\/div><div class=\"wpr-child wpr-double-bounce2\"><\/div><\/div><\/div><p class=\"wpr-pagination-finish\">End of Content.<\/p><\/div>\t\t\t\t<\/div>\n\t\t\t\t<\/div>\n\t\t\t\t\t<\/div>\n\t\t\t\t<\/div>\n\t\t\t\t<\/div>\n\t\t","protected":false},"excerpt":{"rendered":"<p>Bartholdi \/ Le songe de la Libert\u00e9 Cr\u00e9ation costume: A. Lebert Affiche : Yors Najar Assistante m. e. s. : Prisca Lona M. e. s. : J. Grimaud R\u00e9gie g\u00e9n\u00e9rale : A. Pannier \u00a0et L. Demarescaut\u00a0 Partenaires : La Ressourcerie des Batignolles &#8211; Actisce &#8211;\u00a0 Mairie de Paris &#8211; Mairie du 17 \u2013 ICF, La Sabli\u00e8re, Cr\u00e9dit Mutuel Remerciements \u00e0 M. Mathivaud, S. Tessier, Matthieu, St\u00e9phane. Th\u00e9\u00e2tre de la Jonqui\u00e8re 75017 &#8211; 2019 Accueil Bartholdi \/ Le songe de la Libert\u00e9 de Lucien Maillard R\u00c9SUM\u00c9 Fuerit toto in consulatu sine provincia, cui fuerit, antequam designatus est, decreta provincia. Sortietur an non? Nam et non sortiri absurdum est, et, quod sortitus sis, non habere. Proficiscetur paludatus? Quo? Quo pervenire ante certam Directions : Contactez-nous Nos archives All Posts Atelier d&#039;histoire locale Non class\u00e9 Nos balades Nos cat\u00e9gories Nos tableaux Bartholdi \/ Le songe de la Libert\u00e9 de Lucien Maillard Bartholdi \/ Le songe de la Libert\u00e9 Cr\u00e9ation costume: A. Lebert Affiche : Yors Najar Assistante m. e. s. :&#8230; En savoir plus Les USINES Lumi\u00e8re Les USINES Lumi\u00e8re Sc\u00e9nographie et cr\u00e9ation lumi\u00e8re : Camille Dugas Costumes : Caroline Di Paolo et Philippe Serpinet Affiche :&#8230; En savoir plus Ch\u0153ur de Harkis de Lucien Maillard Ch\u0153ur de Harkis de Lucien Maillard Sc\u00e9nographie et cr\u00e9ation lumi\u00e8re : Camille Dugas Costumes : Cathy Diallo Assistante de mise&#8230; En savoir plus Boris Vian et les Pistons Boris Vian et les Piston Genre\u00a0:\u00a0com\u00e9die courte Sc\u00e9nographie : Natacha Igrosanac D\u00e9corateur Hugo Sallez\u00a0 Cr\u00e9ation costume Caroline Di Paolo et&#8230; En savoir plus<\/p>\n","protected":false},"author":1,"featured_media":133,"comment_status":"closed","ping_status":"open","sticky":false,"template":"","format":"standard","meta":{"footnotes":""},"categories":[14],"tags":[],"class_list":["post-508","post","type-post","status-publish","format-standard","has-post-thumbnail","hentry","category-atelier-dhistoire-locale"],"yoast_head":"<!-- This site is optimized with the Yoast SEO plugin v27.3 - https:\/\/yoast.com\/product\/yoast-seo-wordpress\/ -->\n<title>Bartholdi \/ Le songe de la Libert\u00e9 de Lucien Maillard - Compagnie Clarance<\/title>\n<meta name=\"robots\" content=\"index, follow, max-snippet:-1, max-image-preview:large, max-video-preview:-1\" \/>\n<link rel=\"canonical\" href=\"https:\/\/www.compagnie-clarance.fr\/index.php\/2025\/07\/14\/bartholdi-le-songe-de-la-liberte-de-lucien-maillard\/\" \/>\n<meta property=\"og:locale\" content=\"fr_FR\" \/>\n<meta property=\"og:type\" content=\"article\" \/>\n<meta property=\"og:title\" content=\"Bartholdi \/ Le songe de la Libert\u00e9 de Lucien Maillard - Compagnie Clarance\" \/>\n<meta property=\"og:description\" content=\"Bartholdi \/ Le songe de la Libert\u00e9 Cr\u00e9ation costume: A. Lebert Affiche : Yors Najar Assistante m. e. s. : Prisca Lona M. e. s. : J. Grimaud R\u00e9gie g\u00e9n\u00e9rale : A. Pannier \u00a0et L. Demarescaut\u00a0 Partenaires : La Ressourcerie des Batignolles &#8211; Actisce &#8211;\u00a0 Mairie de Paris &#8211; Mairie du 17 \u2013 ICF, La Sabli\u00e8re, Cr\u00e9dit Mutuel Remerciements \u00e0 M. Mathivaud, S. Tessier, Matthieu, St\u00e9phane. Th\u00e9\u00e2tre de la Jonqui\u00e8re 75017 &#8211; 2019 Accueil Bartholdi \/ Le songe de la Libert\u00e9 de Lucien Maillard R\u00c9SUM\u00c9 Fuerit toto in consulatu sine provincia, cui fuerit, antequam designatus est, decreta provincia. Sortietur an non? Nam et non sortiri absurdum est, et, quod sortitus sis, non habere. Proficiscetur paludatus? Quo? Quo pervenire ante certam Directions : Contactez-nous Nos archives All Posts Atelier d&#039;histoire locale Non class\u00e9 Nos balades Nos cat\u00e9gories Nos tableaux Bartholdi \/ Le songe de la Libert\u00e9 de Lucien Maillard Bartholdi \/ Le songe de la Libert\u00e9 Cr\u00e9ation costume: A. Lebert Affiche : Yors Najar Assistante m. e. s. :&#8230; En savoir plus Les USINES Lumi\u00e8re Les USINES Lumi\u00e8re Sc\u00e9nographie et cr\u00e9ation lumi\u00e8re : Camille Dugas Costumes : Caroline Di Paolo et Philippe Serpinet Affiche :&#8230; En savoir plus Ch\u0153ur de Harkis de Lucien Maillard Ch\u0153ur de Harkis de Lucien Maillard Sc\u00e9nographie et cr\u00e9ation lumi\u00e8re : Camille Dugas Costumes : Cathy Diallo Assistante de mise&#8230; En savoir plus Boris Vian et les Pistons Boris Vian et les Piston Genre\u00a0:\u00a0com\u00e9die courte Sc\u00e9nographie : Natacha Igrosanac D\u00e9corateur Hugo Sallez\u00a0 Cr\u00e9ation costume Caroline Di Paolo et&#8230; En savoir plus\" \/>\n<meta property=\"og:url\" content=\"https:\/\/www.compagnie-clarance.fr\/index.php\/2025\/07\/14\/bartholdi-le-songe-de-la-liberte-de-lucien-maillard\/\" \/>\n<meta property=\"og:site_name\" content=\"Compagnie Clarance\" \/>\n<meta property=\"article:published_time\" content=\"2025-07-14T09:08:24+00:00\" \/>\n<meta property=\"article:modified_time\" content=\"2025-07-15T13:40:40+00:00\" \/>\n<meta property=\"og:image\" content=\"https:\/\/www.compagnie-clarance.fr\/wp-content\/uploads\/2025\/06\/2023-Affiche-Usines-Lumiere.jpg\" \/>\n\t<meta property=\"og:image:width\" content=\"1587\" \/>\n\t<meta property=\"og:image:height\" content=\"1123\" \/>\n\t<meta property=\"og:image:type\" content=\"image\/jpeg\" \/>\n<meta name=\"author\" content=\"admin4319\" \/>\n<meta name=\"twitter:card\" content=\"summary_large_image\" \/>\n<meta name=\"twitter:label1\" content=\"\u00c9crit par\" \/>\n\t<meta name=\"twitter:data1\" content=\"admin4319\" \/>\n\t<meta name=\"twitter:label2\" content=\"Dur\u00e9e de lecture estim\u00e9e\" \/>\n\t<meta name=\"twitter:data2\" content=\"2 minutes\" \/>\n<script type=\"application\/ld+json\" class=\"yoast-schema-graph\">{\"@context\":\"https:\\\/\\\/schema.org\",\"@graph\":[{\"@type\":\"Article\",\"@id\":\"https:\\\/\\\/www.compagnie-clarance.fr\\\/index.php\\\/2025\\\/07\\\/14\\\/bartholdi-le-songe-de-la-liberte-de-lucien-maillard\\\/#article\",\"isPartOf\":{\"@id\":\"https:\\\/\\\/www.compagnie-clarance.fr\\\/index.php\\\/2025\\\/07\\\/14\\\/bartholdi-le-songe-de-la-liberte-de-lucien-maillard\\\/\"},\"author\":{\"name\":\"admin4319\",\"@id\":\"https:\\\/\\\/www.compagnie-clarance.fr\\\/#\\\/schema\\\/person\\\/00786e4b8aec7930371af999e0ad2b9c\"},\"headline\":\"Bartholdi \\\/ Le songe de la Libert\u00e9 de Lucien Maillard\",\"datePublished\":\"2025-07-14T09:08:24+00:00\",\"dateModified\":\"2025-07-15T13:40:40+00:00\",\"mainEntityOfPage\":{\"@id\":\"https:\\\/\\\/www.compagnie-clarance.fr\\\/index.php\\\/2025\\\/07\\\/14\\\/bartholdi-le-songe-de-la-liberte-de-lucien-maillard\\\/\"},\"wordCount\":268,\"publisher\":{\"@id\":\"https:\\\/\\\/www.compagnie-clarance.fr\\\/#organization\"},\"image\":{\"@id\":\"https:\\\/\\\/www.compagnie-clarance.fr\\\/index.php\\\/2025\\\/07\\\/14\\\/bartholdi-le-songe-de-la-liberte-de-lucien-maillard\\\/#primaryimage\"},\"thumbnailUrl\":\"https:\\\/\\\/www.compagnie-clarance.fr\\\/wp-content\\\/uploads\\\/2025\\\/06\\\/2023-Affiche-Usines-Lumiere.jpg\",\"articleSection\":[\"Atelier d'histoire locale\"],\"inLanguage\":\"fr-FR\"},{\"@type\":\"WebPage\",\"@id\":\"https:\\\/\\\/www.compagnie-clarance.fr\\\/index.php\\\/2025\\\/07\\\/14\\\/bartholdi-le-songe-de-la-liberte-de-lucien-maillard\\\/\",\"url\":\"https:\\\/\\\/www.compagnie-clarance.fr\\\/index.php\\\/2025\\\/07\\\/14\\\/bartholdi-le-songe-de-la-liberte-de-lucien-maillard\\\/\",\"name\":\"Bartholdi \\\/ Le songe de la Libert\u00e9 de Lucien Maillard - Compagnie Clarance\",\"isPartOf\":{\"@id\":\"https:\\\/\\\/www.compagnie-clarance.fr\\\/#website\"},\"primaryImageOfPage\":{\"@id\":\"https:\\\/\\\/www.compagnie-clarance.fr\\\/index.php\\\/2025\\\/07\\\/14\\\/bartholdi-le-songe-de-la-liberte-de-lucien-maillard\\\/#primaryimage\"},\"image\":{\"@id\":\"https:\\\/\\\/www.compagnie-clarance.fr\\\/index.php\\\/2025\\\/07\\\/14\\\/bartholdi-le-songe-de-la-liberte-de-lucien-maillard\\\/#primaryimage\"},\"thumbnailUrl\":\"https:\\\/\\\/www.compagnie-clarance.fr\\\/wp-content\\\/uploads\\\/2025\\\/06\\\/2023-Affiche-Usines-Lumiere.jpg\",\"datePublished\":\"2025-07-14T09:08:24+00:00\",\"dateModified\":\"2025-07-15T13:40:40+00:00\",\"breadcrumb\":{\"@id\":\"https:\\\/\\\/www.compagnie-clarance.fr\\\/index.php\\\/2025\\\/07\\\/14\\\/bartholdi-le-songe-de-la-liberte-de-lucien-maillard\\\/#breadcrumb\"},\"inLanguage\":\"fr-FR\",\"potentialAction\":[{\"@type\":\"ReadAction\",\"target\":[\"https:\\\/\\\/www.compagnie-clarance.fr\\\/index.php\\\/2025\\\/07\\\/14\\\/bartholdi-le-songe-de-la-liberte-de-lucien-maillard\\\/\"]}]},{\"@type\":\"ImageObject\",\"inLanguage\":\"fr-FR\",\"@id\":\"https:\\\/\\\/www.compagnie-clarance.fr\\\/index.php\\\/2025\\\/07\\\/14\\\/bartholdi-le-songe-de-la-liberte-de-lucien-maillard\\\/#primaryimage\",\"url\":\"https:\\\/\\\/www.compagnie-clarance.fr\\\/wp-content\\\/uploads\\\/2025\\\/06\\\/2023-Affiche-Usines-Lumiere.jpg\",\"contentUrl\":\"https:\\\/\\\/www.compagnie-clarance.fr\\\/wp-content\\\/uploads\\\/2025\\\/06\\\/2023-Affiche-Usines-Lumiere.jpg\",\"width\":1587,\"height\":1123},{\"@type\":\"BreadcrumbList\",\"@id\":\"https:\\\/\\\/www.compagnie-clarance.fr\\\/index.php\\\/2025\\\/07\\\/14\\\/bartholdi-le-songe-de-la-liberte-de-lucien-maillard\\\/#breadcrumb\",\"itemListElement\":[{\"@type\":\"ListItem\",\"position\":1,\"name\":\"Accueil\",\"item\":\"https:\\\/\\\/www.compagnie-clarance.fr\\\/\"},{\"@type\":\"ListItem\",\"position\":2,\"name\":\"Bartholdi \\\/ Le songe de la Libert\u00e9 de Lucien Maillard\"}]},{\"@type\":\"WebSite\",\"@id\":\"https:\\\/\\\/www.compagnie-clarance.fr\\\/#website\",\"url\":\"https:\\\/\\\/www.compagnie-clarance.fr\\\/\",\"name\":\"Compagnie Clarance\",\"description\":\"Compagnie Clarance\",\"publisher\":{\"@id\":\"https:\\\/\\\/www.compagnie-clarance.fr\\\/#organization\"},\"potentialAction\":[{\"@type\":\"SearchAction\",\"target\":{\"@type\":\"EntryPoint\",\"urlTemplate\":\"https:\\\/\\\/www.compagnie-clarance.fr\\\/?s={search_term_string}\"},\"query-input\":{\"@type\":\"PropertyValueSpecification\",\"valueRequired\":true,\"valueName\":\"search_term_string\"}}],\"inLanguage\":\"fr-FR\"},{\"@type\":\"Organization\",\"@id\":\"https:\\\/\\\/www.compagnie-clarance.fr\\\/#organization\",\"name\":\"Compagnie Clarance\",\"url\":\"https:\\\/\\\/www.compagnie-clarance.fr\\\/\",\"logo\":{\"@type\":\"ImageObject\",\"inLanguage\":\"fr-FR\",\"@id\":\"https:\\\/\\\/www.compagnie-clarance.fr\\\/#\\\/schema\\\/logo\\\/image\\\/\",\"url\":\"https:\\\/\\\/www.compagnie-clarance.fr\\\/wp-content\\\/uploads\\\/2025\\\/06\\\/cropped-LogoColorTextBelow.jpg\",\"contentUrl\":\"https:\\\/\\\/www.compagnie-clarance.fr\\\/wp-content\\\/uploads\\\/2025\\\/06\\\/cropped-LogoColorTextBelow.jpg\",\"width\":400,\"height\":400,\"caption\":\"Compagnie Clarance\"},\"image\":{\"@id\":\"https:\\\/\\\/www.compagnie-clarance.fr\\\/#\\\/schema\\\/logo\\\/image\\\/\"}},{\"@type\":\"Person\",\"@id\":\"https:\\\/\\\/www.compagnie-clarance.fr\\\/#\\\/schema\\\/person\\\/00786e4b8aec7930371af999e0ad2b9c\",\"name\":\"admin4319\",\"image\":{\"@type\":\"ImageObject\",\"inLanguage\":\"fr-FR\",\"@id\":\"https:\\\/\\\/secure.gravatar.com\\\/avatar\\\/c6c122c7e5ffbdda735f737abf13c52d54820f5d738b3a2e1dc436f8c7e96351?s=96&d=mm&r=g\",\"url\":\"https:\\\/\\\/secure.gravatar.com\\\/avatar\\\/c6c122c7e5ffbdda735f737abf13c52d54820f5d738b3a2e1dc436f8c7e96351?s=96&d=mm&r=g\",\"contentUrl\":\"https:\\\/\\\/secure.gravatar.com\\\/avatar\\\/c6c122c7e5ffbdda735f737abf13c52d54820f5d738b3a2e1dc436f8c7e96351?s=96&d=mm&r=g\",\"caption\":\"admin4319\"},\"sameAs\":[\"http:\\\/www.compagnie-clarance.fr\"],\"url\":\"https:\\\/\\\/www.compagnie-clarance.fr\\\/index.php\\\/author\\\/admin4319\\\/\"}]}<\/script>\n<!-- \/ Yoast SEO plugin. -->","yoast_head_json":{"title":"Bartholdi \/ Le songe de la Libert\u00e9 de Lucien Maillard - Compagnie Clarance","robots":{"index":"index","follow":"follow","max-snippet":"max-snippet:-1","max-image-preview":"max-image-preview:large","max-video-preview":"max-video-preview:-1"},"canonical":"https:\/\/www.compagnie-clarance.fr\/index.php\/2025\/07\/14\/bartholdi-le-songe-de-la-liberte-de-lucien-maillard\/","og_locale":"fr_FR","og_type":"article","og_title":"Bartholdi \/ Le songe de la Libert\u00e9 de Lucien Maillard - Compagnie Clarance","og_description":"Bartholdi \/ Le songe de la Libert\u00e9 Cr\u00e9ation costume: A. Lebert Affiche : Yors Najar Assistante m. e. s. : Prisca Lona M. e. s. : J. Grimaud R\u00e9gie g\u00e9n\u00e9rale : A. Pannier \u00a0et L. Demarescaut\u00a0 Partenaires : La Ressourcerie des Batignolles &#8211; Actisce &#8211;\u00a0 Mairie de Paris &#8211; Mairie du 17 \u2013 ICF, La Sabli\u00e8re, Cr\u00e9dit Mutuel Remerciements \u00e0 M. Mathivaud, S. Tessier, Matthieu, St\u00e9phane. Th\u00e9\u00e2tre de la Jonqui\u00e8re 75017 &#8211; 2019 Accueil Bartholdi \/ Le songe de la Libert\u00e9 de Lucien Maillard R\u00c9SUM\u00c9 Fuerit toto in consulatu sine provincia, cui fuerit, antequam designatus est, decreta provincia. Sortietur an non? Nam et non sortiri absurdum est, et, quod sortitus sis, non habere. Proficiscetur paludatus? Quo? Quo pervenire ante certam Directions : Contactez-nous Nos archives All Posts Atelier d&#039;histoire locale Non class\u00e9 Nos balades Nos cat\u00e9gories Nos tableaux Bartholdi \/ Le songe de la Libert\u00e9 de Lucien Maillard Bartholdi \/ Le songe de la Libert\u00e9 Cr\u00e9ation costume: A. Lebert Affiche : Yors Najar Assistante m. e. s. :&#8230; En savoir plus Les USINES Lumi\u00e8re Les USINES Lumi\u00e8re Sc\u00e9nographie et cr\u00e9ation lumi\u00e8re : Camille Dugas Costumes : Caroline Di Paolo et Philippe Serpinet Affiche :&#8230; En savoir plus Ch\u0153ur de Harkis de Lucien Maillard Ch\u0153ur de Harkis de Lucien Maillard Sc\u00e9nographie et cr\u00e9ation lumi\u00e8re : Camille Dugas Costumes : Cathy Diallo Assistante de mise&#8230; En savoir plus Boris Vian et les Pistons Boris Vian et les Piston Genre\u00a0:\u00a0com\u00e9die courte Sc\u00e9nographie : Natacha Igrosanac D\u00e9corateur Hugo Sallez\u00a0 Cr\u00e9ation costume Caroline Di Paolo et&#8230; En savoir plus","og_url":"https:\/\/www.compagnie-clarance.fr\/index.php\/2025\/07\/14\/bartholdi-le-songe-de-la-liberte-de-lucien-maillard\/","og_site_name":"Compagnie Clarance","article_published_time":"2025-07-14T09:08:24+00:00","article_modified_time":"2025-07-15T13:40:40+00:00","og_image":[{"width":1587,"height":1123,"url":"https:\/\/www.compagnie-clarance.fr\/wp-content\/uploads\/2025\/06\/2023-Affiche-Usines-Lumiere.jpg","type":"image\/jpeg"}],"author":"admin4319","twitter_card":"summary_large_image","twitter_misc":{"\u00c9crit par":"admin4319","Dur\u00e9e de lecture estim\u00e9e":"2 minutes"},"schema":{"@context":"https:\/\/schema.org","@graph":[{"@type":"Article","@id":"https:\/\/www.compagnie-clarance.fr\/index.php\/2025\/07\/14\/bartholdi-le-songe-de-la-liberte-de-lucien-maillard\/#article","isPartOf":{"@id":"https:\/\/www.compagnie-clarance.fr\/index.php\/2025\/07\/14\/bartholdi-le-songe-de-la-liberte-de-lucien-maillard\/"},"author":{"name":"admin4319","@id":"https:\/\/www.compagnie-clarance.fr\/#\/schema\/person\/00786e4b8aec7930371af999e0ad2b9c"},"headline":"Bartholdi \/ Le songe de la Libert\u00e9 de Lucien Maillard","datePublished":"2025-07-14T09:08:24+00:00","dateModified":"2025-07-15T13:40:40+00:00","mainEntityOfPage":{"@id":"https:\/\/www.compagnie-clarance.fr\/index.php\/2025\/07\/14\/bartholdi-le-songe-de-la-liberte-de-lucien-maillard\/"},"wordCount":268,"publisher":{"@id":"https:\/\/www.compagnie-clarance.fr\/#organization"},"image":{"@id":"https:\/\/www.compagnie-clarance.fr\/index.php\/2025\/07\/14\/bartholdi-le-songe-de-la-liberte-de-lucien-maillard\/#primaryimage"},"thumbnailUrl":"https:\/\/www.compagnie-clarance.fr\/wp-content\/uploads\/2025\/06\/2023-Affiche-Usines-Lumiere.jpg","articleSection":["Atelier d'histoire locale"],"inLanguage":"fr-FR"},{"@type":"WebPage","@id":"https:\/\/www.compagnie-clarance.fr\/index.php\/2025\/07\/14\/bartholdi-le-songe-de-la-liberte-de-lucien-maillard\/","url":"https:\/\/www.compagnie-clarance.fr\/index.php\/2025\/07\/14\/bartholdi-le-songe-de-la-liberte-de-lucien-maillard\/","name":"Bartholdi \/ Le songe de la Libert\u00e9 de Lucien Maillard - Compagnie Clarance","isPartOf":{"@id":"https:\/\/www.compagnie-clarance.fr\/#website"},"primaryImageOfPage":{"@id":"https:\/\/www.compagnie-clarance.fr\/index.php\/2025\/07\/14\/bartholdi-le-songe-de-la-liberte-de-lucien-maillard\/#primaryimage"},"image":{"@id":"https:\/\/www.compagnie-clarance.fr\/index.php\/2025\/07\/14\/bartholdi-le-songe-de-la-liberte-de-lucien-maillard\/#primaryimage"},"thumbnailUrl":"https:\/\/www.compagnie-clarance.fr\/wp-content\/uploads\/2025\/06\/2023-Affiche-Usines-Lumiere.jpg","datePublished":"2025-07-14T09:08:24+00:00","dateModified":"2025-07-15T13:40:40+00:00","breadcrumb":{"@id":"https:\/\/www.compagnie-clarance.fr\/index.php\/2025\/07\/14\/bartholdi-le-songe-de-la-liberte-de-lucien-maillard\/#breadcrumb"},"inLanguage":"fr-FR","potentialAction":[{"@type":"ReadAction","target":["https:\/\/www.compagnie-clarance.fr\/index.php\/2025\/07\/14\/bartholdi-le-songe-de-la-liberte-de-lucien-maillard\/"]}]},{"@type":"ImageObject","inLanguage":"fr-FR","@id":"https:\/\/www.compagnie-clarance.fr\/index.php\/2025\/07\/14\/bartholdi-le-songe-de-la-liberte-de-lucien-maillard\/#primaryimage","url":"https:\/\/www.compagnie-clarance.fr\/wp-content\/uploads\/2025\/06\/2023-Affiche-Usines-Lumiere.jpg","contentUrl":"https:\/\/www.compagnie-clarance.fr\/wp-content\/uploads\/2025\/06\/2023-Affiche-Usines-Lumiere.jpg","width":1587,"height":1123},{"@type":"BreadcrumbList","@id":"https:\/\/www.compagnie-clarance.fr\/index.php\/2025\/07\/14\/bartholdi-le-songe-de-la-liberte-de-lucien-maillard\/#breadcrumb","itemListElement":[{"@type":"ListItem","position":1,"name":"Accueil","item":"https:\/\/www.compagnie-clarance.fr\/"},{"@type":"ListItem","position":2,"name":"Bartholdi \/ Le songe de la Libert\u00e9 de Lucien Maillard"}]},{"@type":"WebSite","@id":"https:\/\/www.compagnie-clarance.fr\/#website","url":"https:\/\/www.compagnie-clarance.fr\/","name":"Compagnie Clarance","description":"Compagnie Clarance","publisher":{"@id":"https:\/\/www.compagnie-clarance.fr\/#organization"},"potentialAction":[{"@type":"SearchAction","target":{"@type":"EntryPoint","urlTemplate":"https:\/\/www.compagnie-clarance.fr\/?s={search_term_string}"},"query-input":{"@type":"PropertyValueSpecification","valueRequired":true,"valueName":"search_term_string"}}],"inLanguage":"fr-FR"},{"@type":"Organization","@id":"https:\/\/www.compagnie-clarance.fr\/#organization","name":"Compagnie Clarance","url":"https:\/\/www.compagnie-clarance.fr\/","logo":{"@type":"ImageObject","inLanguage":"fr-FR","@id":"https:\/\/www.compagnie-clarance.fr\/#\/schema\/logo\/image\/","url":"https:\/\/www.compagnie-clarance.fr\/wp-content\/uploads\/2025\/06\/cropped-LogoColorTextBelow.jpg","contentUrl":"https:\/\/www.compagnie-clarance.fr\/wp-content\/uploads\/2025\/06\/cropped-LogoColorTextBelow.jpg","width":400,"height":400,"caption":"Compagnie Clarance"},"image":{"@id":"https:\/\/www.compagnie-clarance.fr\/#\/schema\/logo\/image\/"}},{"@type":"Person","@id":"https:\/\/www.compagnie-clarance.fr\/#\/schema\/person\/00786e4b8aec7930371af999e0ad2b9c","name":"admin4319","image":{"@type":"ImageObject","inLanguage":"fr-FR","@id":"https:\/\/secure.gravatar.com\/avatar\/c6c122c7e5ffbdda735f737abf13c52d54820f5d738b3a2e1dc436f8c7e96351?s=96&d=mm&r=g","url":"https:\/\/secure.gravatar.com\/avatar\/c6c122c7e5ffbdda735f737abf13c52d54820f5d738b3a2e1dc436f8c7e96351?s=96&d=mm&r=g","contentUrl":"https:\/\/secure.gravatar.com\/avatar\/c6c122c7e5ffbdda735f737abf13c52d54820f5d738b3a2e1dc436f8c7e96351?s=96&d=mm&r=g","caption":"admin4319"},"sameAs":["http:\/www.compagnie-clarance.fr"],"url":"https:\/\/www.compagnie-clarance.fr\/index.php\/author\/admin4319\/"}]}},"_links":{"self":[{"href":"https:\/\/www.compagnie-clarance.fr\/index.php\/wp-json\/wp\/v2\/posts\/508","targetHints":{"allow":["GET"]}}],"collection":[{"href":"https:\/\/www.compagnie-clarance.fr\/index.php\/wp-json\/wp\/v2\/posts"}],"about":[{"href":"https:\/\/www.compagnie-clarance.fr\/index.php\/wp-json\/wp\/v2\/types\/post"}],"author":[{"embeddable":true,"href":"https:\/\/www.compagnie-clarance.fr\/index.php\/wp-json\/wp\/v2\/users\/1"}],"replies":[{"embeddable":true,"href":"https:\/\/www.compagnie-clarance.fr\/index.php\/wp-json\/wp\/v2\/comments?post=508"}],"version-history":[{"count":3,"href":"https:\/\/www.compagnie-clarance.fr\/index.php\/wp-json\/wp\/v2\/posts\/508\/revisions"}],"predecessor-version":[{"id":512,"href":"https:\/\/www.compagnie-clarance.fr\/index.php\/wp-json\/wp\/v2\/posts\/508\/revisions\/512"}],"wp:featuredmedia":[{"embeddable":true,"href":"https:\/\/www.compagnie-clarance.fr\/index.php\/wp-json\/wp\/v2\/media\/133"}],"wp:attachment":[{"href":"https:\/\/www.compagnie-clarance.fr\/index.php\/wp-json\/wp\/v2\/media?parent=508"}],"wp:term":[{"taxonomy":"category","embeddable":true,"href":"https:\/\/www.compagnie-clarance.fr\/index.php\/wp-json\/wp\/v2\/categories?post=508"},{"taxonomy":"post_tag","embeddable":true,"href":"https:\/\/www.compagnie-clarance.fr\/index.php\/wp-json\/wp\/v2\/tags?post=508"}],"curies":[{"name":"wp","href":"https:\/\/api.w.org\/{rel}","templated":true}]}}